{"id":123,"date":"2019-06-16T15:26:19","date_gmt":"2019-06-16T13:26:19","guid":{"rendered":"http:\/\/efa-reunion.fr\/?p=123"},"modified":"2019-06-16T15:40:21","modified_gmt":"2019-06-16T13:40:21","slug":"le-devenir-des-adoptes","status":"publish","type":"post","link":"https:\/\/efa-reunion.fr\/index.php\/2019\/06\/16\/le-devenir-des-adoptes\/","title":{"rendered":"Le devenir des adopt\u00e9s"},"content":{"rendered":"\n<p>Prolongeant et compl\u00e9tant des recherches ant\u00e9rieures men\u00e9es sur les enfants adopt\u00e9s en France, la pr\u00e9sente \u00e9tude concerne le parcours scolaire, l\u2019adaptation sociale et la qualit\u00e9 de vie des jeunes adopt\u00e9s de 15 \u00e0 30 ans. Ces notions sont \u00e9tudi\u00e9es en fonction de diff\u00e9rentes variables, comme le genre (masculin-f\u00e9minin), l\u2019\u00e2ge de l\u2019enfant au moment de l\u2019adoption, l\u2019origine  (continent),  les  conditions  de  vie  pr\u00e9adoptive,  les  relations  parent-enfant,  les discriminations.<\/p>\n\n\n\n<figure class=\"wp-block-image\"><img decoding=\"async\" width=\"1024\" height=\"548\" src=\"https:\/\/efa-reunion.fr\/wp-content\/uploads\/2019\/06\/acte-colloque-2015-1024x548.png\" alt=\"\" class=\"wp-image-124\" srcset=\"https:\/\/efa-reunion.fr\/wp-content\/uploads\/2019\/06\/acte-colloque-2015-1024x548.png 1024w, https:\/\/efa-reunion.fr\/wp-content\/uploads\/2019\/06\/acte-colloque-2015-300x160.png 300w, https:\/\/efa-reunion.fr\/wp-content\/uploads\/2019\/06\/acte-colloque-2015-768x411.png 768w, https:\/\/efa-reunion.fr\/wp-content\/uploads\/2019\/06\/acte-colloque-2015.png 1283w\" sizes=\"(max-width: 706px) 89vw, (max-width: 767px) 82vw, 740px\" \/><figcaption><strong><a rel=\"noreferrer noopener\" href=\"http:\/\/www.adoptionefa.org\/wp-content\/uploads\/2017\/06\/2015_synthese_efa.pdf\" target=\"_blank\">T\u00e9l\u00e9charger cette \u00e9tude issue du colloque international de 2015.<\/a><\/strong><\/figcaption><\/figure>\n","protected":false},"excerpt":{"rendered":"<p>Prolongeant et compl\u00e9tant des recherches ant\u00e9rieures men\u00e9es sur les enfants adopt\u00e9s en France, la pr\u00e9sente \u00e9tude concerne le parcours scolaire, l\u2019adaptation sociale et la qualit\u00e9 de vie des jeunes adopt\u00e9s de 15 \u00e0 30 ans. Ces notions sont \u00e9tudi\u00e9es en fonction de diff\u00e9rentes variables, comme le genre (masculin-f\u00e9minin), l\u2019\u00e2ge de l\u2019enfant au moment de l\u2019adoption, &hellip; <\/p>\n<p class=\"link-more\"><a href=\"https:\/\/efa-reunion.fr\/index.php\/2019\/06\/16\/le-devenir-des-adoptes\/\" class=\"more-link\">Continuer la lecture<span class=\"screen-reader-text\"> de &laquo;&nbsp;Le devenir des adopt\u00e9s&nbsp;&raquo;<\/span><\/a><\/p>\n","protected":false},"author":1,"featured_media":0,"comment_status":"open","ping_status":"open","sticky":false,"template":"","format":"standard","meta":{"_uag_custom_page_level_css":"","footnotes":""},"categories":[3,5],"tags":[],"class_list":["post-123","post","type-post","status-publish","format-standard","hentry","category-a-lire-voir-et-ecouter","category-adoption"],"uagb_featured_image_src":{"full":false,"thumbnail":false,"medium":false,"medium_large":false,"large":false,"1536x1536":false,"2048x2048":false,"twentyseventeen-featured-image":false,"twentyseventeen-thumbnail-avatar":false},"uagb_author_info":{"display_name":"EFAR\u00e9union","author_link":"https:\/\/efa-reunion.fr\/index.php\/author\/admin4542\/"},"uagb_comment_info":1,"uagb_excerpt":"Prolongeant et compl\u00e9tant des recherches ant\u00e9rieures men\u00e9es sur les enfants adopt\u00e9s en France, la pr\u00e9sente \u00e9tude concerne le parcours scolaire, l\u2019adaptation sociale et la qualit\u00e9 de vie des jeunes adopt\u00e9s de 15 \u00e0 30 ans. Ces notions sont \u00e9tudi\u00e9es en fonction de diff\u00e9rentes variables, comme le genre (masculin-f\u00e9minin), l\u2019\u00e2ge de l\u2019enfant au moment de l\u2019adoption,\u2026","_links":{"self":[{"href":"https:\/\/efa-reunion.fr\/index.php\/wp-json\/wp\/v2\/posts\/123"}],"collection":[{"href":"https:\/\/efa-reunion.fr\/index.php\/wp-json\/wp\/v2\/posts"}],"about":[{"href":"https:\/\/efa-reunion.fr\/index.php\/wp-json\/wp\/v2\/types\/post"}],"author":[{"embeddable":true,"href":"https:\/\/efa-reunion.fr\/index.php\/wp-json\/wp\/v2\/users\/1"}],"replies":[{"embeddable":true,"href":"https:\/\/efa-reunion.fr\/index.php\/wp-json\/wp\/v2\/comments?post=123"}],"version-history":[{"count":1,"href":"https:\/\/efa-reunion.fr\/index.php\/wp-json\/wp\/v2\/posts\/123\/revisions"}],"predecessor-version":[{"id":125,"href":"https:\/\/efa-reunion.fr\/index.php\/wp-json\/wp\/v2\/posts\/123\/revisions\/125"}],"wp:attachment":[{"href":"https:\/\/efa-reunion.fr\/index.php\/wp-json\/wp\/v2\/media?parent=123"}],"wp:term":[{"taxonomy":"category","embeddable":true,"href":"https:\/\/efa-reunion.fr\/index.php\/wp-json\/wp\/v2\/categories?post=123"},{"taxonomy":"post_tag","embeddable":true,"href":"https:\/\/efa-reunion.fr\/index.php\/wp-json\/wp\/v2\/tags?post=123"}],"curies":[{"name":"wp","href":"https:\/\/api.w.org\/{rel}","templated":true}]}}