{"id":453,"date":"2020-10-31T15:53:25","date_gmt":"2020-10-31T14:53:25","guid":{"rendered":"http:\/\/efa-reunion.fr\/?p=453"},"modified":"2020-10-31T15:53:25","modified_gmt":"2020-10-31T14:53:25","slug":"la-revue-accueil-n-196-octobre-2020-la-disponibilite-parentale","status":"publish","type":"post","link":"https:\/\/efa-reunion.fr\/index.php\/2020\/10\/31\/la-revue-accueil-n-196-octobre-2020-la-disponibilite-parentale\/","title":{"rendered":"La revue accueil n\u00b0 196, octobre 2020 \u2013 La disponibilit\u00e9 parentale"},"content":{"rendered":"\n<figure class=\"wp-block-image size-large is-resized\"><img decoding=\"async\" src=\"https:\/\/efa-reunion.fr\/wp-content\/uploads\/2020\/10\/196_couv-801x1024.jpg\" alt=\"\" class=\"wp-image-454\" width=\"450\" height=\"575\" srcset=\"https:\/\/efa-reunion.fr\/wp-content\/uploads\/2020\/10\/196_couv-801x1024.jpg 801w, https:\/\/efa-reunion.fr\/wp-content\/uploads\/2020\/10\/196_couv-235x300.jpg 235w, https:\/\/efa-reunion.fr\/wp-content\/uploads\/2020\/10\/196_couv-768x981.jpg 768w, https:\/\/efa-reunion.fr\/wp-content\/uploads\/2020\/10\/196_couv-1202x1536.jpg 1202w, https:\/\/efa-reunion.fr\/wp-content\/uploads\/2020\/10\/196_couv.jpg 1418w\" sizes=\"(max-width: 450px) 100vw, 450px\" \/><\/figure>\n\n\n\n<p>Devenir parent par adoption ou souhaiter le devenir, c\u2019est se poser d\u2019embl\u00e9e la question de la disponibilit\u00e9 parentale. Le sujet est abord\u00e9 d\u00e8s la proc\u00e9dure d\u2019agr\u00e9ment et pendant tout le cheminement vers l\u2019enfant\u00a0: un enfant qui aura un v\u00e9cu, une histoire plus ou moins complexe, des besoins sp\u00e9cifiques, qui aura besoin de temps pour se s\u00e9curiser, d\u00e9couvrir sa nouvelle vie et cr\u00e9er de nouveaux liens. Comment se projeter quand on est postulant\u00a0? Comment les parents s\u2019organisent-ils \u00e0 l\u2019arriv\u00e9e de l\u2019enfant et au long cours\u00a0? Comment vivent-ils cette n\u00e9cessaire disponibilit\u00e9\u00a0?<\/p>\n","protected":false},"excerpt":{"rendered":"<p>Devenir parent par adoption ou souhaiter le devenir, c\u2019est se poser d\u2019embl\u00e9e la question de la disponibilit\u00e9 parentale. Le sujet est abord\u00e9 d\u00e8s la proc\u00e9dure d\u2019agr\u00e9ment et pendant tout le cheminement vers l\u2019enfant\u00a0: un enfant qui aura un v\u00e9cu, une histoire plus ou moins complexe, des besoins sp\u00e9cifiques, qui aura besoin de temps pour se &hellip; <\/p>\n<p class=\"link-more\"><a href=\"https:\/\/efa-reunion.fr\/index.php\/2020\/10\/31\/la-revue-accueil-n-196-octobre-2020-la-disponibilite-parentale\/\" class=\"more-link\">Continuer la lecture<span class=\"screen-reader-text\"> de &laquo;&nbsp;La revue accueil n\u00b0 196, octobre 2020 \u2013 La disponibilit\u00e9 parentale&nbsp;&raquo;<\/span><\/a><\/p>\n","protected":false},"author":1,"featured_media":0,"comment_status":"closed","ping_status":"open","sticky":false,"template":"","format":"standard","meta":{"_uag_custom_page_level_css":"","footnotes":""},"categories":[6],"tags":[],"class_list":["post-453","post","type-post","status-publish","format-standard","hentry","category-actualites"],"uagb_featured_image_src":{"full":false,"thumbnail":false,"medium":false,"medium_large":false,"large":false,"1536x1536":false,"2048x2048":false,"twentyseventeen-featured-image":false,"twentyseventeen-thumbnail-avatar":false},"uagb_author_info":{"display_name":"EFAR\u00e9union","author_link":"https:\/\/efa-reunion.fr\/index.php\/author\/admin4542\/"},"uagb_comment_info":0,"uagb_excerpt":"Devenir parent par adoption ou souhaiter le devenir, c\u2019est se poser d\u2019embl\u00e9e la question de la disponibilit\u00e9 parentale. Le sujet est abord\u00e9 d\u00e8s la proc\u00e9dure d\u2019agr\u00e9ment et pendant tout le cheminement vers l\u2019enfant\u00a0: un enfant qui aura un v\u00e9cu, une histoire plus ou moins complexe, des besoins sp\u00e9cifiques, qui aura besoin de temps pour se\u2026","_links":{"self":[{"href":"https:\/\/efa-reunion.fr\/index.php\/wp-json\/wp\/v2\/posts\/453"}],"collection":[{"href":"https:\/\/efa-reunion.fr\/index.php\/wp-json\/wp\/v2\/posts"}],"about":[{"href":"https:\/\/efa-reunion.fr\/index.php\/wp-json\/wp\/v2\/types\/post"}],"author":[{"embeddable":true,"href":"https:\/\/efa-reunion.fr\/index.php\/wp-json\/wp\/v2\/users\/1"}],"replies":[{"embeddable":true,"href":"https:\/\/efa-reunion.fr\/index.php\/wp-json\/wp\/v2\/comments?post=453"}],"version-history":[{"count":1,"href":"https:\/\/efa-reunion.fr\/index.php\/wp-json\/wp\/v2\/posts\/453\/revisions"}],"predecessor-version":[{"id":455,"href":"https:\/\/efa-reunion.fr\/index.php\/wp-json\/wp\/v2\/posts\/453\/revisions\/455"}],"wp:attachment":[{"href":"https:\/\/efa-reunion.fr\/index.php\/wp-json\/wp\/v2\/media?parent=453"}],"wp:term":[{"taxonomy":"category","embeddable":true,"href":"https:\/\/efa-reunion.fr\/index.php\/wp-json\/wp\/v2\/categories?post=453"},{"taxonomy":"post_tag","embeddable":true,"href":"https:\/\/efa-reunion.fr\/index.php\/wp-json\/wp\/v2\/tags?post=453"}],"curies":[{"name":"wp","href":"https:\/\/api.w.org\/{rel}","templated":true}]}}